{"id":12761,"date":"2025-06-25T16:48:36","date_gmt":"2025-06-25T20:48:36","guid":{"rendered":"https:\/\/fondationsanteurbaine.com\/article\/des-velos-adaptes-jusquau-tour-de-lile\/"},"modified":"2025-06-25T16:58:42","modified_gmt":"2025-06-25T20:58:42","slug":"adapted-bikes-all-the-way-to-the-tour-de-lile","status":"publish","type":"post","link":"https:\/\/fondationsanteurbaine.com\/en\/article\/adapted-bikes-all-the-way-to-the-tour-de-lile\/","title":{"rendered":"Adapted Bikes\u2026 All the Way to the Tour de l\u2019\u00cele!"},"content":{"rendered":"\t\t<div data-elementor-type=\"wp-post\" data-elementor-id=\"12761\" class=\"elementor elementor-12761 elementor-12758\" data-elementor-post-type=\"post\">\n\t\t\t\t<div class=\"elementor-element elementor-element-5c9ce0c5 e-flex e-con-boxed e-con e-parent\" data-id=\"5c9ce0c5\" data-element_type=\"container\" data-settings=\"{&quot;background_background&quot;:&quot;classic&quot;}\">\n\t\t\t\t\t<div class=\"e-con-inner\">\n\t\t\t\t<div class=\"elementor-element elementor-element-458b4f39 elmn-offcl-h2 elementor-widget elementor-widget-heading\" data-id=\"458b4f39\" data-element_type=\"widget\" data-widget_type=\"heading.default\">\n\t\t\t\t<div class=\"elementor-widget-container\">\n\t\t\t\t\t<h2 class=\"elementor-heading-title elementor-size-default\">Adapted Bikes\u2026 All the Way to the Tour de l\u2019\u00cele!<\/h2>\t\t\t\t<\/div>\n\t\t\t\t<\/div>\n\t\t\t\t<div class=\"elementor-element elementor-element-3b116bed elementor-widget elementor-widget-post-info\" data-id=\"3b116bed\" data-element_type=\"widget\" data-widget_type=\"post-info.default\">\n\t\t\t\t<div class=\"elementor-widget-container\">\n\t\t\t\t\t\t\t<ul class=\"elementor-inline-items elementor-icon-list-items elementor-post-info\">\n\t\t\t\t\t\t\t\t<li class=\"elementor-icon-list-item elementor-repeater-item-0cb84ee elementor-inline-item\" itemprop=\"datePublished\">\n\t\t\t\t\t\t\t\t\t\t<span class=\"elementor-icon-list-icon\">\n\t\t\t\t\t\t\t\t<svg aria-hidden=\"true\" class=\"e-font-icon-svg e-fas-calendar\" viewBox=\"0 0 448 512\" xmlns=\"http:\/\/www.w3.org\/2000\/svg\"><path d=\"M12 192h424c6.6 0 12 5.4 12 12v260c0 26.5-21.5 48-48 48H48c-26.5 0-48-21.5-48-48V204c0-6.6 5.4-12 12-12zm436-44v-36c0-26.5-21.5-48-48-48h-48V12c0-6.6-5.4-12-12-12h-40c-6.6 0-12 5.4-12 12v52H160V12c0-6.6-5.4-12-12-12h-40c-6.6 0-12 5.4-12 12v52H48C21.5 64 0 85.5 0 112v36c0 6.6 5.4 12 12 12h424c6.6 0 12-5.4 12-12z\"><\/path><\/svg>\t\t\t\t\t\t\t<\/span>\n\t\t\t\t\t\t\t\t\t<span class=\"elementor-icon-list-text elementor-post-info__item elementor-post-info__item--type-date\">\n\t\t\t\t\t\t\t\t\t\t<time>25 June 2025<\/time>\t\t\t\t\t<\/span>\n\t\t\t\t\t\t\t\t<\/li>\n\t\t\t\t<li class=\"elementor-icon-list-item elementor-repeater-item-493506e elementor-inline-item\" itemprop=\"about\">\n\t\t\t\t\t\t\t\t\t\t<span class=\"elementor-icon-list-icon\">\n\t\t\t\t\t\t\t\t<svg aria-hidden=\"true\" class=\"e-font-icon-svg e-fas-tags\" viewBox=\"0 0 640 512\" xmlns=\"http:\/\/www.w3.org\/2000\/svg\"><path d=\"M497.941 225.941L286.059 14.059A48 48 0 0 0 252.118 0H48C21.49 0 0 21.49 0 48v204.118a48 48 0 0 0 14.059 33.941l211.882 211.882c18.744 18.745 49.136 18.746 67.882 0l204.118-204.118c18.745-18.745 18.745-49.137 0-67.882zM112 160c-26.51 0-48-21.49-48-48s21.49-48 48-48 48 21.49 48 48-21.49 48-48 48zm513.941 133.823L421.823 497.941c-18.745 18.745-49.137 18.745-67.882 0l-.36-.36L527.64 323.522c16.999-16.999 26.36-39.6 26.36-63.64s-9.362-46.641-26.36-63.64L331.397 0h48.721a48 48 0 0 1 33.941 14.059l211.882 211.882c18.745 18.745 18.745 49.137 0 67.882z\"><\/path><\/svg>\t\t\t\t\t\t\t<\/span>\n\t\t\t\t\t\t\t\t\t<span class=\"elementor-icon-list-text elementor-post-info__item elementor-post-info__item--type-terms\">\n\t\t\t\t\t\t\t\t\t\t<span class=\"elementor-post-info__terms-list\">\n\t\t\t\t<a href=\"https:\/\/fondationsanteurbaine.com\/en\/article\/category\/nos-histoires-en\/\" class=\"elementor-post-info__terms-list-item\">Your Impact in Action<\/a>\t\t\t\t<\/span>\n\t\t\t\t\t<\/span>\n\t\t\t\t\t\t\t\t<\/li>\n\t\t\t\t<\/ul>\n\t\t\t\t\t\t<\/div>\n\t\t\t\t<\/div>\n\t\t\t\t\t<\/div>\n\t\t\t\t<\/div>\n\t\t<div class=\"elementor-element elementor-element-9bdb5ca e-flex e-con-boxed e-con e-parent\" data-id=\"9bdb5ca\" data-element_type=\"container\" data-settings=\"{&quot;background_background&quot;:&quot;classic&quot;}\">\n\t\t\t\t\t<div class=\"e-con-inner\">\n\t\t\t\t<div class=\"elementor-element elementor-element-665fefb elementor-widget elementor-widget-text-editor\" data-id=\"665fefb\" data-element_type=\"widget\" data-widget_type=\"text-editor.default\">\n\t\t\t\t<div class=\"elementor-widget-container\">\n\t\t\t\t\t\t\t\t\t<p>On June 1st, residents of the Armand-Lavergne long-term care centre proudly took part in the Tour de l\u2019\u00cele de Montr\u00e9al, <a href=\"https:\/\/fondationsanteurbaine.com\/en\/article\/an-innovative-pilot-project-adapted-e-bikes-make-their-debut-at-manoir-de-verdun\/\">thanks to adapted bikes funded by several of our generous donors<\/a>.<\/p><p>Organized for many years by V\u00e9lo Qu\u00e9bec, this was a first for the annual cycling event \u2014 welcoming older adults in adapted bikes.<\/p><p>The adapted bike project was initiated by the recreation team at the CIUSSS du Centre-Sud-de-l\u2019\u00cele-de-Montr\u00e9al, and made possible thanks to the financial support of our donors, including the Fondation Luc Maurice, Desjardins, and the Fondation Cogir.<\/p><p>Thanks to their support, our care homes now have adapted bikes that allow older adults to continue enjoying the pleasure of cycling, even with reduced mobility.<\/p><p>Accompanied by a volunteer cyclist, residents can get out for a ride, enjoy the fresh air, and rediscover their neighbourhoods in a safe and enriching way. As we know, older adults were especially isolated during the pandemic, and opportunities for stimulation are more important than ever to support their well-being.<\/p><p><strong>A heartfelt thank-you to all the individuals and organizations who help make these moments possible.<\/strong><\/p>\t\t\t\t\t\t\t\t<\/div>\n\t\t\t\t<\/div>\n\t\t\t\t\t<\/div>\n\t\t\t\t<\/div>\n\t\t\t\t<\/div>\n\t\t","protected":false},"excerpt":{"rendered":"<p>On June 1st, residents of the Armand-Lavergne long-term care centre proudly took part in the Tour de l\u2019\u00cele de Montr\u00e9al, thanks to adapted bikes funded by several of our generous donors. Organized for many years by V\u00e9lo Qu\u00e9bec, this was a first for the annual cycling event \u2014 welcoming older adults in adapted bikes. The [&hellip;]<\/p>\n","protected":false},"author":14,"featured_media":12778,"comment_status":"closed","ping_status":"closed","sticky":false,"template":"","format":"standard","meta":{"footnotes":""},"categories":[784],"tags":[],"class_list":["post-12761","post","type-post","status-publish","format-standard","has-post-thumbnail","hentry","category-nos-histoires-en"],"aioseo_notices":[],"_links":{"self":[{"href":"https:\/\/fondationsanteurbaine.com\/en\/wp-json\/wp\/v2\/posts\/12761","targetHints":{"allow":["GET"]}}],"collection":[{"href":"https:\/\/fondationsanteurbaine.com\/en\/wp-json\/wp\/v2\/posts"}],"about":[{"href":"https:\/\/fondationsanteurbaine.com\/en\/wp-json\/wp\/v2\/types\/post"}],"author":[{"embeddable":true,"href":"https:\/\/fondationsanteurbaine.com\/en\/wp-json\/wp\/v2\/users\/14"}],"replies":[{"embeddable":true,"href":"https:\/\/fondationsanteurbaine.com\/en\/wp-json\/wp\/v2\/comments?post=12761"}],"version-history":[{"count":0,"href":"https:\/\/fondationsanteurbaine.com\/en\/wp-json\/wp\/v2\/posts\/12761\/revisions"}],"wp:featuredmedia":[{"embeddable":true,"href":"https:\/\/fondationsanteurbaine.com\/en\/wp-json\/wp\/v2\/media\/12778"}],"wp:attachment":[{"href":"https:\/\/fondationsanteurbaine.com\/en\/wp-json\/wp\/v2\/media?parent=12761"}],"wp:term":[{"taxonomy":"category","embeddable":true,"href":"https:\/\/fondationsanteurbaine.com\/en\/wp-json\/wp\/v2\/categories?post=12761"},{"taxonomy":"post_tag","embeddable":true,"href":"https:\/\/fondationsanteurbaine.com\/en\/wp-json\/wp\/v2\/tags?post=12761"}],"curies":[{"name":"wp","href":"https:\/\/api.w.org\/{rel}","templated":true}]}}